{"id":99,"date":"2023-02-01T13:46:10","date_gmt":"2023-02-01T12:46:10","guid":{"rendered":"http:\/\/level2.at\/projects\/HPBRG\/?p=99"},"modified":"2023-02-01T14:10:02","modified_gmt":"2023-02-01T13:10:02","slug":"franzoesisches-fruehstueck","status":"publish","type":"post","link":"http:\/\/level2.at\/projects\/HPBRG\/franzoesisches-fruehstueck\/","title":{"rendered":"Franz\u00f6sisches Fr\u00fchst\u00fcck"},"content":{"rendered":"\n<p>\u00ab Un petit d\u00e9jeuner \u00e0 la fran\u00e7aise \u00bb &#8211; die \u00ab Franz\u00f6sinnen \u00bb und \u00ab Franzosen \u00bb der Maturaklassen feiern ihren Abschied<\/p>\n\n\n\n<p>Da mit den Osterferien der regul\u00e4re Unterricht der 8. Klassen zu Ende ging, entschieden sich die \u201eFranz\u00f6sinnen\u201c und \u201eFranzosen\u201c der drei 8. Klassen, ein gemeinsames franz\u00f6sisches Fr\u00fchst\u00fcck zu organisieren. Noch vor Anritt zur Reifepr\u00fcfung feierten wir mit den beiden Professorinnen Mag. Sch\u00fcgerl und Mag. Kampichler den Abschluss von vier erfolgreichen Jahren und starteten den Tag mit typisch franz\u00f6sischen Spezialit\u00e4ten, von Baguette mit Camembert, \u00fcber Pains au Chocolat und Croissants mit Marmelade bis hin zu selbstgemachten Cr\u00eapes au chocolat.<br>Dieses Fr\u00fchst\u00fcck war nach zwei harten Jahren mit Corona ein gelungener Abschluss des Franz\u00f6sischunterrichts, den alle Beteiligten wahrlich genossen.<\/p>\n\n\n\n<p>Annika-Sophie B\u00f6gner<\/p>\n\n\n\n<figure class=\"wp-block-image size-large\"><img decoding=\"async\" loading=\"lazy\" width=\"1024\" height=\"571\" src=\"http:\/\/level2.at\/projects\/HPBRG\/wp-content\/uploads\/2023\/02\/Franzoesisches-Fruehstueck_2022-1024x571.jpg\" alt=\"\" class=\"wp-image-100\" srcset=\"http:\/\/level2.at\/projects\/HPBRG\/wp-content\/uploads\/2023\/02\/Franzoesisches-Fruehstueck_2022-1024x571.jpg 1024w, http:\/\/level2.at\/projects\/HPBRG\/wp-content\/uploads\/2023\/02\/Franzoesisches-Fruehstueck_2022-300x167.jpg 300w, http:\/\/level2.at\/projects\/HPBRG\/wp-content\/uploads\/2023\/02\/Franzoesisches-Fruehstueck_2022-768x428.jpg 768w, http:\/\/level2.at\/projects\/HPBRG\/wp-content\/uploads\/2023\/02\/Franzoesisches-Fruehstueck_2022.jpg 1454w\" sizes=\"(max-width: 1024px) 100vw, 1024px\" \/><\/figure>\n","protected":false},"excerpt":{"rendered":"<p>\u00ab Un petit d\u00e9jeuner \u00e0 la fran\u00e7aise \u00bb &#8211; die \u00ab Franz\u00f6sinnen \u00bb und \u00ab Franzosen \u00bb der Maturaklassen feiern ihren Abschied<\/p>\n","protected":false},"author":1,"featured_media":100,"comment_status":"closed","ping_status":"closed","sticky":false,"template":"","format":"standard","meta":{"_editorskit_title_hidden":false,"_editorskit_reading_time":1,"_editorskit_is_block_options_detached":false,"_editorskit_block_options_position":"{}"},"categories":[1],"tags":[],"relative_dates":{"created":"3\u00a0Jahren ago","modified":"3\u00a0Jahren ago"},"publishpress_future_action":{"enabled":false,"date":"1970-01-01 01:00:00","action":"","terms":[],"taxonomy":"","browser_timezone_offset":0},"_links":{"self":[{"href":"http:\/\/level2.at\/projects\/HPBRG\/wp-json\/wp\/v2\/posts\/99"}],"collection":[{"href":"http:\/\/level2.at\/projects\/HPBRG\/wp-json\/wp\/v2\/posts"}],"about":[{"href":"http:\/\/level2.at\/projects\/HPBRG\/wp-json\/wp\/v2\/types\/post"}],"author":[{"embeddable":true,"href":"http:\/\/level2.at\/projects\/HPBRG\/wp-json\/wp\/v2\/users\/1"}],"replies":[{"embeddable":true,"href":"http:\/\/level2.at\/projects\/HPBRG\/wp-json\/wp\/v2\/comments?post=99"}],"version-history":[{"count":2,"href":"http:\/\/level2.at\/projects\/HPBRG\/wp-json\/wp\/v2\/posts\/99\/revisions"}],"predecessor-version":[{"id":106,"href":"http:\/\/level2.at\/projects\/HPBRG\/wp-json\/wp\/v2\/posts\/99\/revisions\/106"}],"wp:featuredmedia":[{"embeddable":true,"href":"http:\/\/level2.at\/projects\/HPBRG\/wp-json\/wp\/v2\/media\/100"}],"wp:attachment":[{"href":"http:\/\/level2.at\/projects\/HPBRG\/wp-json\/wp\/v2\/media?parent=99"}],"wp:term":[{"taxonomy":"category","embeddable":true,"href":"http:\/\/level2.at\/projects\/HPBRG\/wp-json\/wp\/v2\/categories?post=99"},{"taxonomy":"post_tag","embeddable":true,"href":"http:\/\/level2.at\/projects\/HPBRG\/wp-json\/wp\/v2\/tags?post=99"}],"curies":[{"name":"wp","href":"https:\/\/api.w.org\/{rel}","templated":true}]}}